{"id":1351,"date":"2023-06-15T19:58:55","date_gmt":"2023-06-15T16:58:55","guid":{"rendered":"https:\/\/espoonperinneseura.net\/yritykset\/?p=1351"},"modified":"2023-06-15T19:58:55","modified_gmt":"2023-06-15T16:58:55","slug":"yrittava-espoo-sivuston-uutta-sisaltoa","status":"publish","type":"post","link":"https:\/\/espoonperinneseura.net\/yritykset\/2023\/06\/yrittava-espoo-sivuston-uutta-sisaltoa\/","title":{"rendered":"Yritt\u00e4v\u00e4 Espoo -sivuston uutta sis\u00e4lt\u00f6\u00e4"},"content":{"rendered":"<div class=\"flip pict\">\n<p><img loading=\"lazy\" decoding=\"async\" style=\"border: 0px; width: 100%; height: auto; margin: 0px 0px 3px 10px;\" src=\"https:\/\/mcusercontent.com\/b8ec883f73c2e860a52e8b99e\/images\/02e811f5-8793-6715-e021-9e81b32e2a36.jpg\" width=\"600\" height=\"400\" align=\"right\" data-file-id=\"7839445\" \/><\/p>\n<p style=\"font-size: 85%; line-height: 1;\"><span style=\"font-size: 85%;\">Kuva: Olli Urpela. Espoon kaupunki.<\/span><\/p>\n<\/div>\n<p><span style=\"white-space: nowrap;\">Espoon perinneseura<\/span> k\u00e4ynnisti espoolaisista yritt\u00e4ji\u00e4 ja yrityksi\u00e4 eri aikoina esittelev\u00e4n Yritt\u00e4v\u00e4 Espoo \u2011projektin kaupunginjohtaja Jukka M\u00e4kel\u00e4n aloitteesta.<\/p>\n<p>Jukka M\u00e4kel\u00e4: &#8221;<em>Espoo on tarina innovaatioista ja kasvusta. Espoolaisten yritt\u00e4jien mukaan t\u00e4\u00e4lt\u00e4 l\u00f6ytyy menestymisen ev\u00e4\u00e4t: osaavia ihmisi\u00e4, verkostoja ja yhteyksi\u00e4, oikeanlaista asennetta ja n\u00e4kemyst\u00e4. T\u00e4rkein tae menestymiselle on kuitenkin yhdess\u00e4 tekeminen. Paras voimavaramme ovatkin asukkaat, yhteis\u00f6t ja yritykset. Jaa muistosi ja tarinasi espoolaisyrityksist\u00e4 ennen ja nyt. Tehd\u00e4\u00e4n yhdess\u00e4 Espoo-tarina!<\/em>&#8221;<\/p>\n<div class=\"flip pict\" style=\"clear: both;\"><img loading=\"lazy\" decoding=\"async\" style=\"border: 1px solid #DAA520; width: 100%; height: auto; margin: 0px 0px 6px 10px;\" src=\"https:\/\/mcusercontent.com\/b8ec883f73c2e860a52e8b99e\/images\/47d8cfc2-92c3-b40e-2f6c-f4b976a85d3e.jpg\" width=\"600\" height=\"400\" align=\"right\" data-file-id=\"7802881\" \/><\/div>\n<p><span style=\"white-space: nowrap;\">Vuoden 2023<\/span> teemasivusto <a href=\"https:\/\/espoonperinneseura.net\/yritykset\/\">Yritt\u00e4v\u00e4 Espoo<\/a> t\u00e4ydentyy. Uusinta sis\u00e4lt\u00f6\u00e4 ovat Viherlaaksolaiset ry:n toimittamat paikallisista yrityksist\u00e4 kertovat artikkelit, jotka on alun perin julkaistu vuosien 1987 ja 2010 v\u00e4lisen\u00e4 aikana.<\/p>\n<ul>\n<li><a title=\"Kannelsalo Ky \u2013 Viherlaakson vanhin liikeyritys\" href=\"https:\/\/espoonperinneseura.net\/yritykset\/teollisuus\/kannelsalo-ky-viherlaakson-vanhin-liikeyritys\/\">Kannelsalo Ky<\/a>, Viherlaaksolaiset ry 40 vuotta, 1997<\/li>\n<li><a title=\"Ly\u00f6m\u00e4t\u00f6n Soidinsalo\" href=\"https:\/\/espoonperinneseura.net\/yritykset\/yrittajyys\/lyomaton-soidinsalo\/\">K. Soidinsalo Oy<\/a>, Viherlaaksolaiset ry 30 vuotta, 1987<\/li>\n<li><a title=\"Wikbergin korjaamo Viherlaaksossa\" href=\"https:\/\/espoonperinneseura.net\/yritykset\/yrittajyys\/wikbergin-korjaamo-viherlaaksossa\/\">Wikbergin korjaamo<\/a>, Viherlaaksolaiset ry:n Kev\u00e4ttiedote 2010<\/li>\n<li><a title=\"Kera Oy\" href=\"https:\/\/espoonperinneseura.net\/yritykset\/yrittajyys\/kera-oy\/\">Kera Oy<\/a>, Viherlaaksolaiset ry 35 vuotta, 1992<\/li>\n<\/ul>\n<div class=\"flip pict\" style=\"clear: both;\">\n<p><img loading=\"lazy\" decoding=\"async\" style=\"border: 0px; width: 100%; height: auto; margin: 0px 0px 3px 10px;\" src=\"https:\/\/espoonperinneseura.net\/yritykset\/wp-content\/uploads\/2023\/05\/Kometa-1024x1017.jpg\" width=\"600\" height=\"400\" align=\"right\" data-file-id=\"7839445\" \/><\/p>\n<p style=\"font-size: 85%; line-height: 1;\"><span style=\"font-size: 85%;\">Kuva: Helsingin kaupunginmuseo<\/span><\/p>\n<\/div>\n<p><span style=\"white-space: nowrap;\">Aapo Kirvesniemi<\/span> on kirjoittanut kiinnostavan kuvauksen Lintuvaaran teollisuusalueesta ja omasta ty\u00f6st\u00e4\u00e4n alueella toimineessa yrityksess\u00e4. Palok\u00e4rjentiell\u00e4 sijainneet teollisuusrakennukset on p\u00e4\u00e4osin jo purettu, ja niiden paikalle rakennetaan kerrostaloja.<br \/>\n<a href=\"https:\/\/espoonperinneseura.net\/yritykset\/teollisuus\/kadonneita-tehtaita\/lintuvaaran-teollisuusalue\/\">Lintuvaaran teollisuusalueen kuusi vuosikymment\u00e4<\/a><\/p>\n<p>Perinneseura kutsuu espoolaiset yhdistykset, yritykset ja asukkaat\u00a0ker\u00e4\u00e4m\u00e4\u00e4n yhdess\u00e4 tietoa espoolaisesta yritystoiminnasta eri aikoina.<\/p>\n<p>Perinneseura on kiinnostunut aineistosta, jonka voisi julkaista Yritt\u00e4v\u00e4 Espoo -sivustolla. Ota yhteytt\u00e4 Martti Hellstr\u00f6miin, marttifi@gmail.com, tai Esko Uotilaan, euotila@gmail.com.<\/p>\n","protected":false},"excerpt":{"rendered":"<p>Kuva: Olli Urpela. Espoon kaupunki. Espoon perinneseura k\u00e4ynnisti espoolaisista yritt\u00e4ji\u00e4 ja yrityksi\u00e4 eri aikoina esittelev\u00e4n Yritt\u00e4v\u00e4 Espoo \u2011projektin kaupunginjohtaja Jukka M\u00e4kel\u00e4n aloitteesta. Jukka M\u00e4kel\u00e4: &#8221;Espoo on tarina innovaatioista ja kasvusta. Espoolaisten yritt\u00e4jien mukaan t\u00e4\u00e4lt\u00e4 l\u00f6ytyy menestymisen ev\u00e4\u00e4t: osaavia ihmisi\u00e4, verkostoja <span class=\"excerpt-dots\">&hellip;<\/span> <a class=\"more-link\" href=\"https:\/\/espoonperinneseura.net\/yritykset\/2023\/06\/yrittava-espoo-sivuston-uutta-sisaltoa\/\"><span class=\"more-msg\">Jatka lukemista &rarr;<\/span><\/a><\/p>\n","protected":false},"author":1,"featured_media":0,"comment_status":"closed","ping_status":"closed","sticky":false,"template":"","format":"standard","meta":{"om_disable_all_campaigns":false,"_monsterinsights_skip_tracking":false,"_monsterinsights_sitenote_active":false,"_monsterinsights_sitenote_note":"","_monsterinsights_sitenote_category":0,"_uf_show_specific_survey":0,"_uf_disable_surveys":false,"footnotes":""},"categories":[1],"tags":[],"class_list":["post-1351","post","type-post","status-publish","format-standard","hentry","category-yleinen"],"aioseo_notices":[],"featured_image_src":null,"author_info":{"display_name":"espoonperinne","author_link":"https:\/\/espoonperinneseura.net\/yritykset\/author\/espoonperinne\/"},"_links":{"self":[{"href":"https:\/\/espoonperinneseura.net\/yritykset\/wp-json\/wp\/v2\/posts\/1351","targetHints":{"allow":["GET"]}}],"collection":[{"href":"https:\/\/espoonperinneseura.net\/yritykset\/wp-json\/wp\/v2\/posts"}],"about":[{"href":"https:\/\/espoonperinneseura.net\/yritykset\/wp-json\/wp\/v2\/types\/post"}],"author":[{"embeddable":true,"href":"https:\/\/espoonperinneseura.net\/yritykset\/wp-json\/wp\/v2\/users\/1"}],"replies":[{"embeddable":true,"href":"https:\/\/espoonperinneseura.net\/yritykset\/wp-json\/wp\/v2\/comments?post=1351"}],"version-history":[{"count":8,"href":"https:\/\/espoonperinneseura.net\/yritykset\/wp-json\/wp\/v2\/posts\/1351\/revisions"}],"predecessor-version":[{"id":1360,"href":"https:\/\/espoonperinneseura.net\/yritykset\/wp-json\/wp\/v2\/posts\/1351\/revisions\/1360"}],"wp:attachment":[{"href":"https:\/\/espoonperinneseura.net\/yritykset\/wp-json\/wp\/v2\/media?parent=1351"}],"wp:term":[{"taxonomy":"category","embeddable":true,"href":"https:\/\/espoonperinneseura.net\/yritykset\/wp-json\/wp\/v2\/categories?post=1351"},{"taxonomy":"post_tag","embeddable":true,"href":"https:\/\/espoonperinneseura.net\/yritykset\/wp-json\/wp\/v2\/tags?post=1351"}],"curies":[{"name":"wp","href":"https:\/\/api.w.org\/{rel}","templated":true}]}}